

{"id":6100,"date":"2014-11-07T11:00:36","date_gmt":"2014-11-07T10:00:36","guid":{"rendered":"https:\/\/ujn.gov.me\/?p=6100"},"modified":"2014-12-15T11:31:23","modified_gmt":"2014-12-15T10:31:23","slug":"predstavnici-uprave-za-javne-nabavke-uzeli-ucesce-na-panel-diskusiji-civilno-drustvo-i-pregovori-u-poglavlju-23-i-24-odrzanoj-6-novembra-2014-godine-u-pr-centru","status":"publish","type":"post","link":"https:\/\/ujn.gov.me\/en\/predstavnici-uprave-za-javne-nabavke-uzeli-ucesce-na-panel-diskusiji-civilno-drustvo-i-pregovori-u-poglavlju-23-i-24-odrzanoj-6-novembra-2014-godine-u-pr-centru\/","title":{"rendered":"PPA Representatives took its active role to the Panel Discussion on the topic \u2019Civil Society and Negotiations under Chapters 23 and 24\u2019, held on November, 6 2014 at the PR Centre"},"content":{"rendered":"<p>In organization of the Institute Alternative, Center for Monitoring and Research and Center for Democracy and Human Rights, the Panel Discussion entitled: \u2019Civil Society and Negotiations Under Chapters 23 and 24\u2019 held on Thursday, 06 11 2014 in Great Hall of the PR Center with the beginning at 11:00 AM in attendance of which the Director DSc Mersad Mujevi\u0107 and the Head of Department for international cooperartion MSc Sandra \u0160katari\u0107 were on behalf of the PPA institution.<br \/>\nThe reason for organizing the Panel Discussion is to present the analysis on the topic: \u2019Civil Society and the EU Integration process in the Western Balkan countries\u2019 focused on the participation of the organizations of civil society in negotiations under Chapters 23 and 24. Signatories to the report are 20 professionals from the civil society in West Balkans directly involved in the negotiation process. Participants to this Panel were as follows: Tomasz Zornaczuk, coordinator of the project \u201eThinking for Governance\u201c, and analyst in the Polish Institute for International affairs; Jovana Marovi\u0107, research coordinator at Institute Alternative \u2013 Fight against Corruption; Vlado Dedovi\u0107 \u2013 Head of the Legal Department at the Center for Monitoring and Research (CeMI) \u2013 Judicial Reform; and Marija Vuksanovi\u0107, project manager in the Center for Democracy and Human Rights \u2013 Asylum and Migration.<br \/>\n<\/p>","protected":false},"excerpt":{"rendered":"<p>In organization of the Institute Alternative, Center for Monitoring and Research and Center for Democracy and Human Rights, the Panel Discussion entitled: \u2019Civil Society and Negotiations Under Chapters 23 and 24\u2019 held on Thursday, 06 11 2014 in Great Hall of the PR Center with the beginning at 11:00 AM in attendance of which the [&hellip;]<\/p>\n","protected":false},"author":8,"featured_media":6103,"comment_status":"closed","ping_status":"closed","sticky":false,"template":"","format":"standard","meta":{"footnotes":""},"categories":[56],"tags":[],"_links":{"self":[{"href":"https:\/\/ujn.gov.me\/en\/wp-json\/wp\/v2\/posts\/6100"}],"collection":[{"href":"https:\/\/ujn.gov.me\/en\/wp-json\/wp\/v2\/posts"}],"about":[{"href":"https:\/\/ujn.gov.me\/en\/wp-json\/wp\/v2\/types\/post"}],"author":[{"embeddable":true,"href":"https:\/\/ujn.gov.me\/en\/wp-json\/wp\/v2\/users\/8"}],"replies":[{"embeddable":true,"href":"https:\/\/ujn.gov.me\/en\/wp-json\/wp\/v2\/comments?post=6100"}],"version-history":[{"count":0,"href":"https:\/\/ujn.gov.me\/en\/wp-json\/wp\/v2\/posts\/6100\/revisions"}],"wp:featuredmedia":[{"embeddable":true,"href":"https:\/\/ujn.gov.me\/en\/wp-json\/wp\/v2\/media\/6103"}],"wp:attachment":[{"href":"https:\/\/ujn.gov.me\/en\/wp-json\/wp\/v2\/media?parent=6100"}],"wp:term":[{"taxonomy":"category","embeddable":true,"href":"https:\/\/ujn.gov.me\/en\/wp-json\/wp\/v2\/categories?post=6100"},{"taxonomy":"post_tag","embeddable":true,"href":"https:\/\/ujn.gov.me\/en\/wp-json\/wp\/v2\/tags?post=6100"}],"curies":[{"name":"wp","href":"https:\/\/api.w.org\/{rel}","templated":true}]}}